{"id":386,"date":"2026-04-20T09:37:08","date_gmt":"2026-04-20T12:37:08","guid":{"rendered":"http:\/\/localhost:8000\/?p=386"},"modified":"2026-04-20T09:38:17","modified_gmt":"2026-04-20T12:38:17","slug":"fortalecimento-a-gestao-publica-por-meio-da-formacao-e-da-inovacao-copy","status":"publish","type":"post","link":"https:\/\/redeescolas.egp.ce.gov.br\/?p=386","title":{"rendered":"Fortalecimento a gest\u00e3o publica por meio da forma\u00e7\u00e3o e da inova\u00e7\u00e3o &#8211; Copy"},"content":{"rendered":"<p><img decoding=\"async\" class=\"alignnone size-medium wp-image-56\" src=\"http:\/\/localhost:8000\/wp-content\/uploads\/2026\/04\/Rectangle-310-300x125.png\" alt=\"\" width=\"300\" height=\"125\" srcset=\"https:\/\/redeescolas.egp.ce.gov.br\/wp-content\/uploads\/2026\/04\/Rectangle-310-300x125.png 300w, https:\/\/redeescolas.egp.ce.gov.br\/wp-content\/uploads\/2026\/04\/Rectangle-310-1024x427.png 1024w, https:\/\/redeescolas.egp.ce.gov.br\/wp-content\/uploads\/2026\/04\/Rectangle-310-768x320.png 768w, https:\/\/redeescolas.egp.ce.gov.br\/wp-content\/uploads\/2026\/04\/Rectangle-310.png 1200w\" sizes=\"(max-width: 300px) 100vw, 300px\" \/><\/p>\n<p>A Rede Estadual de Escolas de Governo do Cear\u00e1 re\u00fane institui\u00e7\u00f5es comprometidas com o aperfei\u00e7oamento de agentes p\u00fablicos e a moderniza\u00e7\u00e3o da administra\u00e7\u00e3o p\u00fablica.<\/p>\n","protected":false},"excerpt":{"rendered":"<p>A Rede Estadual de Escolas de Governo do Cear\u00e1 re\u00fane institui\u00e7\u00f5es comprometidas com o aperfei\u00e7oamento de agentes p\u00fablicos e a moderniza\u00e7\u00e3o da administra\u00e7\u00e3o p\u00fablica.<\/p>\n","protected":false},"author":1,"featured_media":0,"comment_status":"open","ping_status":"open","sticky":false,"template":"","format":"standard","meta":{"footnotes":""},"categories":[1],"tags":[],"class_list":["post-386","post","type-post","status-publish","format-standard","hentry","category-sem-categoria"],"_links":{"self":[{"href":"https:\/\/redeescolas.egp.ce.gov.br\/index.php?rest_route=\/wp\/v2\/posts\/386","targetHints":{"allow":["GET"]}}],"collection":[{"href":"https:\/\/redeescolas.egp.ce.gov.br\/index.php?rest_route=\/wp\/v2\/posts"}],"about":[{"href":"https:\/\/redeescolas.egp.ce.gov.br\/index.php?rest_route=\/wp\/v2\/types\/post"}],"author":[{"embeddable":true,"href":"https:\/\/redeescolas.egp.ce.gov.br\/index.php?rest_route=\/wp\/v2\/users\/1"}],"replies":[{"embeddable":true,"href":"https:\/\/redeescolas.egp.ce.gov.br\/index.php?rest_route=%2Fwp%2Fv2%2Fcomments&post=386"}],"version-history":[{"count":2,"href":"https:\/\/redeescolas.egp.ce.gov.br\/index.php?rest_route=\/wp\/v2\/posts\/386\/revisions"}],"predecessor-version":[{"id":392,"href":"https:\/\/redeescolas.egp.ce.gov.br\/index.php?rest_route=\/wp\/v2\/posts\/386\/revisions\/392"}],"wp:attachment":[{"href":"https:\/\/redeescolas.egp.ce.gov.br\/index.php?rest_route=%2Fwp%2Fv2%2Fmedia&parent=386"}],"wp:term":[{"taxonomy":"category","embeddable":true,"href":"https:\/\/redeescolas.egp.ce.gov.br\/index.php?rest_route=%2Fwp%2Fv2%2Fcategories&post=386"},{"taxonomy":"post_tag","embeddable":true,"href":"https:\/\/redeescolas.egp.ce.gov.br\/index.php?rest_route=%2Fwp%2Fv2%2Ftags&post=386"}],"curies":[{"name":"wp","href":"https:\/\/api.w.org\/{rel}","templated":true}]}}